{"id":977,"date":"2019-05-29T01:33:06","date_gmt":"2019-05-29T01:33:06","guid":{"rendered":"http:\/\/ficto.com.ec\/ficto\/?p=977"},"modified":"2023-08-13T03:40:38","modified_gmt":"2023-08-13T03:40:38","slug":"existe-un-metodo-para-disenar-la-marca-de-un-lugar","status":"publish","type":"post","link":"http:\/\/ficto.com.ec\/ficto\/existe-un-metodo-para-disenar-la-marca-de-un-lugar\/","title":{"rendered":"\u00bfExiste una metodolog\u00eda para dise\u00f1ar la marca de un lugar?"},"content":{"rendered":"<figure id=\"attachment_979\" aria-describedby=\"caption-attachment-979\" style=\"width: 1020px\" class=\"wp-caption aligncenter\"><img data-recalc-dims=\"1\" fetchpriority=\"high\" decoding=\"async\" class=\"size-full wp-image-979\" src=\"https:\/\/i0.wp.com\/ficto.com.ec\/ficto\/wp-content\/uploads\/2019\/05\/marca-ciudad.jpg?resize=640%2C427\" alt=\"Marca de lugar. Caso Quito\" width=\"640\" height=\"427\" srcset=\"https:\/\/i0.wp.com\/ficto.com.ec\/ficto\/wp-content\/uploads\/2019\/05\/marca-ciudad.jpg?w=1020 1020w, https:\/\/i0.wp.com\/ficto.com.ec\/ficto\/wp-content\/uploads\/2019\/05\/marca-ciudad.jpg?resize=300%2C200 300w, https:\/\/i0.wp.com\/ficto.com.ec\/ficto\/wp-content\/uploads\/2019\/05\/marca-ciudad.jpg?resize=768%2C513 768w\" sizes=\"(max-width: 640px) 100vw, 640px\" \/><figcaption id=\"caption-attachment-979\" class=\"wp-caption-text\">Collage de marcas de la Ciudad de Quito usadas por diferentes Alcald\u00edas.<\/figcaption><\/figure>\n<h2>Es constante ahora en el Dise\u00f1o en Ecuador, que cada nuevo alcalde modifique la imagen de su ciudad. \u00bfEs as\u00ed de f\u00e1cil? \u00bfO necesitamos claramente una gu\u00eda o una metodolog\u00eda para dise\u00f1ar la marca de un lugar o ciudad?<\/h2>\n<p>El Dise\u00f1o en Ecuador est\u00e1 creciendo como profesi\u00f3n. \u00a0Es tiempo que vaya madurando, es por eso que creo firmemente que los procesos de\u00a0metodolog\u00eda para dise\u00f1ar la marca de un lugar (inserte aqu\u00ed su lugar favorito: pa\u00eds, ciudad, barrio, distrito) deben ser organizados y sistematizados. Pero \u00bfexiste una metodolog\u00eda para dise\u00f1ar la marca de un lugar?<\/p>\n<p>La marca de un lugar o de un sitio no puede ser tratada como un identificador o marca m\u00e1s. \u00bfPor qu\u00e9? \u00a0La respuesta es muy sencilla. Los habitantes de ese espacio tienen que adoptarla como suya y con un proceso posterior, adue\u00f1arse. La escala de la marca de un lugar es enorme y no le pertenece a un equipo reducido.<\/p>\n<p>Si hay que hablar de un m\u00e9todo o metodolog\u00eda para dise\u00f1ar la marca de un lugar, me he tomado el atrevimiento de plantear los siguientes pasos, basados en las experiencias de este tipo de marcas y tambi\u00e9n a los procesos fallidos en la construcci\u00f3n de las marcas del Metro y de la ciudad de Quito.<\/p>\n<h3>Paso a paso:<\/h3>\n<h4>Trabajo social:<\/h4>\n<p style=\"padding-left: 40px;\">Antes de afilar los l\u00e1pices y cargar las bater\u00edas de las computadoras, se debe desarrollar un profundo estudio con un equipo de soci\u00f3logos, historiadores, antrop\u00f3logos y comunicadores para encontrar cuales son los s\u00edmbolos que m\u00e1s identifican a los pobladores de esa \u00e1rea. Como herramientas podemos contar con talleres, consultas, encuestas, focus groups, entrevistas con l\u00edderes de opini\u00f3n, etc. En esta etapa es donde se pregunta a la gente, \u00bfCon qu\u00e9 se identifica? y \u00bfC\u00f3mo quiere verse?. El resultado de esta etapa es un acuerdo en que s\u00edmbolo o s\u00edmbolos refleja mejor la identificaci\u00f3n de la zona.<\/p>\n<h4>Dise\u00f1o de Marca:<\/h4>\n<p style=\"padding-left: 40px;\">Luego se entrega este proceso a un estudio de Dise\u00f1o, el m\u00e1s profesional posible. Que adem\u00e1s de hacer logos, sepa como construir marcas y que tenga un resultado final impecable. Adem\u00e1s el estudio debe tener claro como implementar, comunicar y dejar que las personas se adue\u00f1en de esa imagen.<br \/>\nDe all\u00ed evitar el concurso: a). En los concursos no participan los m\u00e1s profesionales. b). El ganador s\u00f3lo es uno, mientras los perdedores habr\u00e1n trabajado gratis. c). Con la experiencia de los fallidos resultados de procesos de marca y dise\u00f1o en Ecuador y Quito espec\u00edficamente nunca, nunca, dejar la elecci\u00f3n final en una carrera de likes en Facebook.<br \/>\nLa opci\u00f3n del concurso deber\u00eda ser de portafolio en proyectos semejantes, en Ecuador hay estudios con muy buenos proyectos de identidad y marca. \u00c9stos podr\u00edan tomar la informaci\u00f3n de la etapa 1 y traducirla en una marca potente. Con todos las caracter\u00edsticas que debe tener una marca: tipograf\u00eda, crom\u00e1tica, sistema de iconos, etc.<\/p>\n<h4>Sociablilizaci\u00f3n y apropiaci\u00f3n de marca lugar:<\/h4>\n<p style=\"padding-left: 40px;\">Para la fase de apropiaci\u00f3n de la marca se pueden tener varios caminos, si el proceso de dise\u00f1o est\u00e1 cercano a la gente -como recomiendo-, mucho del trabajo estar\u00e1 hecho. Otra parte puede venir desde la obtenci\u00f3n de los recursos financieros para todos los procesos previos. Un \u201ccrowdfunding\u201d, donde las recompensas son los productos de mercadeo de la futura marca. \u00a1Qu\u00e9 bonito recibir una taza para el caf\u00e9, un p\u00f3ster de edici\u00f3n limitada, una postal o una camiseta con la marca de mi ciudad, a la cual aport\u00e9 en su construcci\u00f3n y le puse dinero!<\/p>\n<p>Hay un ejemplo muy interesante con la creaci\u00f3n de la identidad del Brooklyn. Hern\u00e1n Berdichevsky, dise\u00f1ador argentino form\u00f3 parte del proyecto y lo comparti\u00f3 con nosotros en Crom\u00eda, el espacio para el Dise\u00f1o en Ecuador. Pueden ver los resultados de este proyecto en el siguiente link:<\/p>\n<p><span style=\"color: #ffffff;\"><a style=\"color: #ffffff;\" href=\"https:\/\/menosesmas.myportfolio.com\/idbrooklyn\">Identidad colaborativa de Brooklyn.<\/a><\/span><\/p>\n<h3>Breve conclusi\u00f3n a este paso a paso:<\/h3>\n<p>Finalmente, los pol\u00edticos o autoridades de turno, tendr\u00e1n que hacer su parte, aceptar lo que el estudio propone sin pedir cambios, sin el eterno \u201cqu\u00edtale, ponle, achiquemos o agrandemos\u201d. Ya que antes de llegar a ello, se habr\u00e1n garantizado de que sea el mejor estudio de dise\u00f1o que pudieron contratar.<br \/>\nObviamente este proceso no es f\u00e1cil y tampoco r\u00e1pido, menos a\u00fan barato, pero si una marca se construye as\u00ed, pasar\u00e1n 15, 20 a\u00f1os para que necesite un cambio o retoque. Las marcas no son eternas, pero si son mas duraderas que los 4 a\u00f1os de un per\u00edodo de Alcald\u00eda de Quito.<\/p>\n<p>Escrito por Lucho Vallejo.<\/p>\n<p>Una historia divertida sobre nuestro d\u00eda a d\u00eda la leer por ac\u00e1:<\/p>\n<p><a href=\"http:\/\/ficto.com.ec\/ficto\/starck-en-quito-buenas-noticias-para-el-diseno-industrial-en-ecuador\/\"><span style=\"color: #ffffff;\">Cuando conocimos a Starck<\/span><\/a><\/p>\n","protected":false},"excerpt":{"rendered":"<p>Es constante ahora en el Dise\u00f1o en Ecuador, que cada nuevo alcalde modifique la imagen de su ciudad. \u00bfEs as\u00ed de f\u00e1cil? \u00bfO necesitamos claramente una gu\u00eda o una metodolog\u00eda para dise\u00f1ar la marca de un lugar o ciudad? El Dise\u00f1o en Ecuador est\u00e1 creciendo como profesi\u00f3n. \u00a0Es tiempo que vaya madurando, es por eso [&hellip;]<\/p>\n","protected":false},"author":2,"featured_media":979,"comment_status":"open","ping_status":"open","sticky":false,"template":"","format":"standard","meta":{"_acf_changed":false,"nf_dc_page":"","om_disable_all_campaigns":false,"_monsterinsights_skip_tracking":false,"_monsterinsights_sitenote_active":false,"_monsterinsights_sitenote_note":"","_monsterinsights_sitenote_category":0,"_jetpack_memberships_contains_paid_content":false,"_joinchat":[],"footnotes":""},"categories":[58,61],"tags":[],"class_list":["post-977","post","type-post","status-publish","format-standard","has-post-thumbnail","hentry","category-politica-publica-de-diseno","category-tips-de-diseno"],"acf":[],"yoast_head":"<!-- This site is optimized with the Yoast SEO plugin v27.5 - https:\/\/yoast.com\/product\/yoast-seo-wordpress\/ -->\n<title>\u00bfExiste una metodolog\u00eda para dise\u00f1ar la marca de un lugar? - Ficto<\/title>\n<meta name=\"description\" content=\"Apuntes para generar una metodolog\u00eda para dise\u00f1ar la marca de un lugar que resulte apropiada con la comunidad\" \/>\n<meta name=\"robots\" content=\"index, follow, max-snippet:-1, max-image-preview:large, max-video-preview:-1\" \/>\n<link rel=\"canonical\" href=\"http:\/\/ficto.com.ec\/ficto\/existe-un-metodo-para-disenar-la-marca-de-un-lugar\/\" \/>\n<meta property=\"og:locale\" content=\"en_US\" \/>\n<meta property=\"og:type\" content=\"article\" \/>\n<meta property=\"og:title\" content=\"\u00bfExiste una metodolog\u00eda para dise\u00f1ar la marca de un lugar? - Ficto\" \/>\n<meta property=\"og:description\" content=\"Apuntes para generar una metodolog\u00eda para dise\u00f1ar la marca de un lugar que resulte apropiada con la comunidad\" \/>\n<meta property=\"og:url\" content=\"http:\/\/ficto.com.ec\/ficto\/existe-un-metodo-para-disenar-la-marca-de-un-lugar\/\" \/>\n<meta property=\"og:site_name\" content=\"Ficto\" \/>\n<meta property=\"article:publisher\" content=\"https:\/\/www.facebook.com\/fictoec\/\" \/>\n<meta property=\"article:published_time\" content=\"2019-05-29T01:33:06+00:00\" \/>\n<meta property=\"article:modified_time\" content=\"2023-08-13T03:40:38+00:00\" \/>\n<meta property=\"og:image\" content=\"https:\/\/i0.wp.com\/ficto.com.ec\/ficto\/wp-content\/uploads\/2019\/05\/marca-ciudad.jpg?fit=1020%2C681\" \/>\n\t<meta property=\"og:image:width\" content=\"1020\" \/>\n\t<meta property=\"og:image:height\" content=\"681\" \/>\n\t<meta property=\"og:image:type\" content=\"image\/jpeg\" \/>\n<meta name=\"author\" content=\"Lucho Vallejo\" \/>\n<meta name=\"twitter:card\" content=\"summary_large_image\" \/>\n<meta name=\"twitter:creator\" content=\"@fictoec\" \/>\n<meta name=\"twitter:site\" content=\"@fictoec\" \/>\n<meta name=\"twitter:label1\" content=\"Written by\" \/>\n\t<meta name=\"twitter:data1\" content=\"Lucho Vallejo\" \/>\n\t<meta name=\"twitter:label2\" content=\"Est. reading time\" \/>\n\t<meta name=\"twitter:data2\" content=\"4 minutes\" \/>\n<script type=\"application\/ld+json\" class=\"yoast-schema-graph\">{\"@context\":\"https:\\\/\\\/schema.org\",\"@graph\":[{\"@type\":\"Article\",\"@id\":\"http:\\\/\\\/ficto.com.ec\\\/ficto\\\/existe-un-metodo-para-disenar-la-marca-de-un-lugar\\\/#article\",\"isPartOf\":{\"@id\":\"http:\\\/\\\/ficto.com.ec\\\/ficto\\\/existe-un-metodo-para-disenar-la-marca-de-un-lugar\\\/\"},\"author\":{\"name\":\"Lucho Vallejo\",\"@id\":\"http:\\\/\\\/ficto.com.ec\\\/ficto\\\/#\\\/schema\\\/person\\\/e12222e421b68802037c69c64a7aa578\"},\"headline\":\"\u00bfExiste una metodolog\u00eda para dise\u00f1ar la marca de un lugar?\",\"datePublished\":\"2019-05-29T01:33:06+00:00\",\"dateModified\":\"2023-08-13T03:40:38+00:00\",\"mainEntityOfPage\":{\"@id\":\"http:\\\/\\\/ficto.com.ec\\\/ficto\\\/existe-un-metodo-para-disenar-la-marca-de-un-lugar\\\/\"},\"wordCount\":860,\"commentCount\":0,\"publisher\":{\"@id\":\"http:\\\/\\\/ficto.com.ec\\\/ficto\\\/#organization\"},\"image\":{\"@id\":\"http:\\\/\\\/ficto.com.ec\\\/ficto\\\/existe-un-metodo-para-disenar-la-marca-de-un-lugar\\\/#primaryimage\"},\"thumbnailUrl\":\"https:\\\/\\\/i0.wp.com\\\/ficto.com.ec\\\/ficto\\\/wp-content\\\/uploads\\\/2019\\\/05\\\/marca-ciudad.jpg?fit=1020%2C681\",\"articleSection\":[\"Pol\u00edtica Publica\",\"Tips de Dise\u00f1o\"],\"inLanguage\":\"en-US\",\"potentialAction\":[{\"@type\":\"CommentAction\",\"name\":\"Comment\",\"target\":[\"http:\\\/\\\/ficto.com.ec\\\/ficto\\\/existe-un-metodo-para-disenar-la-marca-de-un-lugar\\\/#respond\"]}]},{\"@type\":\"WebPage\",\"@id\":\"http:\\\/\\\/ficto.com.ec\\\/ficto\\\/existe-un-metodo-para-disenar-la-marca-de-un-lugar\\\/\",\"url\":\"http:\\\/\\\/ficto.com.ec\\\/ficto\\\/existe-un-metodo-para-disenar-la-marca-de-un-lugar\\\/\",\"name\":\"\u00bfExiste una metodolog\u00eda para dise\u00f1ar la marca de un lugar? - Ficto\",\"isPartOf\":{\"@id\":\"http:\\\/\\\/ficto.com.ec\\\/ficto\\\/#website\"},\"primaryImageOfPage\":{\"@id\":\"http:\\\/\\\/ficto.com.ec\\\/ficto\\\/existe-un-metodo-para-disenar-la-marca-de-un-lugar\\\/#primaryimage\"},\"image\":{\"@id\":\"http:\\\/\\\/ficto.com.ec\\\/ficto\\\/existe-un-metodo-para-disenar-la-marca-de-un-lugar\\\/#primaryimage\"},\"thumbnailUrl\":\"https:\\\/\\\/i0.wp.com\\\/ficto.com.ec\\\/ficto\\\/wp-content\\\/uploads\\\/2019\\\/05\\\/marca-ciudad.jpg?fit=1020%2C681\",\"datePublished\":\"2019-05-29T01:33:06+00:00\",\"dateModified\":\"2023-08-13T03:40:38+00:00\",\"description\":\"Apuntes para generar una metodolog\u00eda para dise\u00f1ar la marca de un lugar que resulte apropiada con la comunidad\",\"breadcrumb\":{\"@id\":\"http:\\\/\\\/ficto.com.ec\\\/ficto\\\/existe-un-metodo-para-disenar-la-marca-de-un-lugar\\\/#breadcrumb\"},\"inLanguage\":\"en-US\",\"potentialAction\":[{\"@type\":\"ReadAction\",\"target\":[\"http:\\\/\\\/ficto.com.ec\\\/ficto\\\/existe-un-metodo-para-disenar-la-marca-de-un-lugar\\\/\"]}]},{\"@type\":\"ImageObject\",\"inLanguage\":\"en-US\",\"@id\":\"http:\\\/\\\/ficto.com.ec\\\/ficto\\\/existe-un-metodo-para-disenar-la-marca-de-un-lugar\\\/#primaryimage\",\"url\":\"https:\\\/\\\/i0.wp.com\\\/ficto.com.ec\\\/ficto\\\/wp-content\\\/uploads\\\/2019\\\/05\\\/marca-ciudad.jpg?fit=1020%2C681\",\"contentUrl\":\"https:\\\/\\\/i0.wp.com\\\/ficto.com.ec\\\/ficto\\\/wp-content\\\/uploads\\\/2019\\\/05\\\/marca-ciudad.jpg?fit=1020%2C681\",\"width\":1020,\"height\":681,\"caption\":\"Dise\u00f1o Industrial, Dise\u00f1o en Ecuador.\"},{\"@type\":\"BreadcrumbList\",\"@id\":\"http:\\\/\\\/ficto.com.ec\\\/ficto\\\/existe-un-metodo-para-disenar-la-marca-de-un-lugar\\\/#breadcrumb\",\"itemListElement\":[{\"@type\":\"ListItem\",\"position\":1,\"name\":\"Home\",\"item\":\"http:\\\/\\\/ficto.com.ec\\\/ficto\\\/\"},{\"@type\":\"ListItem\",\"position\":2,\"name\":\"\u00bfExiste una metodolog\u00eda para dise\u00f1ar la marca de un lugar?\"}]},{\"@type\":\"WebSite\",\"@id\":\"http:\\\/\\\/ficto.com.ec\\\/ficto\\\/#website\",\"url\":\"http:\\\/\\\/ficto.com.ec\\\/ficto\\\/\",\"name\":\"Ficto. Dise\u00f1o Industrial Ecuador\",\"description\":\"\",\"publisher\":{\"@id\":\"http:\\\/\\\/ficto.com.ec\\\/ficto\\\/#organization\"},\"potentialAction\":[{\"@type\":\"SearchAction\",\"target\":{\"@type\":\"EntryPoint\",\"urlTemplate\":\"http:\\\/\\\/ficto.com.ec\\\/ficto\\\/?s={search_term_string}\"},\"query-input\":{\"@type\":\"PropertyValueSpecification\",\"valueRequired\":true,\"valueName\":\"search_term_string\"}}],\"inLanguage\":\"en-US\"},{\"@type\":\"Organization\",\"@id\":\"http:\\\/\\\/ficto.com.ec\\\/ficto\\\/#organization\",\"name\":\"Ficto\",\"url\":\"http:\\\/\\\/ficto.com.ec\\\/ficto\\\/\",\"logo\":{\"@type\":\"ImageObject\",\"inLanguage\":\"en-US\",\"@id\":\"http:\\\/\\\/ficto.com.ec\\\/ficto\\\/#\\\/schema\\\/logo\\\/image\\\/\",\"url\":\"https:\\\/\\\/i0.wp.com\\\/ficto.com.ec\\\/ficto\\\/wp-content\\\/uploads\\\/2019\\\/02\\\/ficto_logo_pagina.png?fit=263%2C300\",\"contentUrl\":\"https:\\\/\\\/i0.wp.com\\\/ficto.com.ec\\\/ficto\\\/wp-content\\\/uploads\\\/2019\\\/02\\\/ficto_logo_pagina.png?fit=263%2C300\",\"width\":263,\"height\":300,\"caption\":\"Ficto\"},\"image\":{\"@id\":\"http:\\\/\\\/ficto.com.ec\\\/ficto\\\/#\\\/schema\\\/logo\\\/image\\\/\"},\"sameAs\":[\"https:\\\/\\\/www.facebook.com\\\/fictoec\\\/\",\"https:\\\/\\\/x.com\\\/fictoec\",\"https:\\\/\\\/www.instagram.com\\\/fictoec\"]},{\"@type\":\"Person\",\"@id\":\"http:\\\/\\\/ficto.com.ec\\\/ficto\\\/#\\\/schema\\\/person\\\/e12222e421b68802037c69c64a7aa578\",\"name\":\"Lucho Vallejo\",\"image\":{\"@type\":\"ImageObject\",\"inLanguage\":\"en-US\",\"@id\":\"https:\\\/\\\/secure.gravatar.com\\\/avatar\\\/ed0aa8917c571be02a3c0c68097693f6b775cec49c01f21793571561dce0b6e1?s=96&d=mm&r=g\",\"url\":\"https:\\\/\\\/secure.gravatar.com\\\/avatar\\\/ed0aa8917c571be02a3c0c68097693f6b775cec49c01f21793571561dce0b6e1?s=96&d=mm&r=g\",\"contentUrl\":\"https:\\\/\\\/secure.gravatar.com\\\/avatar\\\/ed0aa8917c571be02a3c0c68097693f6b775cec49c01f21793571561dce0b6e1?s=96&d=mm&r=g\",\"caption\":\"Lucho Vallejo\"},\"url\":\"http:\\\/\\\/ficto.com.ec\\\/ficto\\\/author\\\/lucho\\\/\"}]}<\/script>\n<!-- \/ Yoast SEO plugin. -->","yoast_head_json":{"title":"\u00bfExiste una metodolog\u00eda para dise\u00f1ar la marca de un lugar? - Ficto","description":"Apuntes para generar una metodolog\u00eda para dise\u00f1ar la marca de un lugar que resulte apropiada con la comunidad","robots":{"index":"index","follow":"follow","max-snippet":"max-snippet:-1","max-image-preview":"max-image-preview:large","max-video-preview":"max-video-preview:-1"},"canonical":"http:\/\/ficto.com.ec\/ficto\/existe-un-metodo-para-disenar-la-marca-de-un-lugar\/","og_locale":"en_US","og_type":"article","og_title":"\u00bfExiste una metodolog\u00eda para dise\u00f1ar la marca de un lugar? - Ficto","og_description":"Apuntes para generar una metodolog\u00eda para dise\u00f1ar la marca de un lugar que resulte apropiada con la comunidad","og_url":"http:\/\/ficto.com.ec\/ficto\/existe-un-metodo-para-disenar-la-marca-de-un-lugar\/","og_site_name":"Ficto","article_publisher":"https:\/\/www.facebook.com\/fictoec\/","article_published_time":"2019-05-29T01:33:06+00:00","article_modified_time":"2023-08-13T03:40:38+00:00","og_image":[{"width":1020,"height":681,"url":"https:\/\/i0.wp.com\/ficto.com.ec\/ficto\/wp-content\/uploads\/2019\/05\/marca-ciudad.jpg?fit=1020%2C681","type":"image\/jpeg"}],"author":"Lucho Vallejo","twitter_card":"summary_large_image","twitter_creator":"@fictoec","twitter_site":"@fictoec","twitter_misc":{"Written by":"Lucho Vallejo","Est. reading time":"4 minutes"},"schema":{"@context":"https:\/\/schema.org","@graph":[{"@type":"Article","@id":"http:\/\/ficto.com.ec\/ficto\/existe-un-metodo-para-disenar-la-marca-de-un-lugar\/#article","isPartOf":{"@id":"http:\/\/ficto.com.ec\/ficto\/existe-un-metodo-para-disenar-la-marca-de-un-lugar\/"},"author":{"name":"Lucho Vallejo","@id":"http:\/\/ficto.com.ec\/ficto\/#\/schema\/person\/e12222e421b68802037c69c64a7aa578"},"headline":"\u00bfExiste una metodolog\u00eda para dise\u00f1ar la marca de un lugar?","datePublished":"2019-05-29T01:33:06+00:00","dateModified":"2023-08-13T03:40:38+00:00","mainEntityOfPage":{"@id":"http:\/\/ficto.com.ec\/ficto\/existe-un-metodo-para-disenar-la-marca-de-un-lugar\/"},"wordCount":860,"commentCount":0,"publisher":{"@id":"http:\/\/ficto.com.ec\/ficto\/#organization"},"image":{"@id":"http:\/\/ficto.com.ec\/ficto\/existe-un-metodo-para-disenar-la-marca-de-un-lugar\/#primaryimage"},"thumbnailUrl":"https:\/\/i0.wp.com\/ficto.com.ec\/ficto\/wp-content\/uploads\/2019\/05\/marca-ciudad.jpg?fit=1020%2C681","articleSection":["Pol\u00edtica Publica","Tips de Dise\u00f1o"],"inLanguage":"en-US","potentialAction":[{"@type":"CommentAction","name":"Comment","target":["http:\/\/ficto.com.ec\/ficto\/existe-un-metodo-para-disenar-la-marca-de-un-lugar\/#respond"]}]},{"@type":"WebPage","@id":"http:\/\/ficto.com.ec\/ficto\/existe-un-metodo-para-disenar-la-marca-de-un-lugar\/","url":"http:\/\/ficto.com.ec\/ficto\/existe-un-metodo-para-disenar-la-marca-de-un-lugar\/","name":"\u00bfExiste una metodolog\u00eda para dise\u00f1ar la marca de un lugar? - Ficto","isPartOf":{"@id":"http:\/\/ficto.com.ec\/ficto\/#website"},"primaryImageOfPage":{"@id":"http:\/\/ficto.com.ec\/ficto\/existe-un-metodo-para-disenar-la-marca-de-un-lugar\/#primaryimage"},"image":{"@id":"http:\/\/ficto.com.ec\/ficto\/existe-un-metodo-para-disenar-la-marca-de-un-lugar\/#primaryimage"},"thumbnailUrl":"https:\/\/i0.wp.com\/ficto.com.ec\/ficto\/wp-content\/uploads\/2019\/05\/marca-ciudad.jpg?fit=1020%2C681","datePublished":"2019-05-29T01:33:06+00:00","dateModified":"2023-08-13T03:40:38+00:00","description":"Apuntes para generar una metodolog\u00eda para dise\u00f1ar la marca de un lugar que resulte apropiada con la comunidad","breadcrumb":{"@id":"http:\/\/ficto.com.ec\/ficto\/existe-un-metodo-para-disenar-la-marca-de-un-lugar\/#breadcrumb"},"inLanguage":"en-US","potentialAction":[{"@type":"ReadAction","target":["http:\/\/ficto.com.ec\/ficto\/existe-un-metodo-para-disenar-la-marca-de-un-lugar\/"]}]},{"@type":"ImageObject","inLanguage":"en-US","@id":"http:\/\/ficto.com.ec\/ficto\/existe-un-metodo-para-disenar-la-marca-de-un-lugar\/#primaryimage","url":"https:\/\/i0.wp.com\/ficto.com.ec\/ficto\/wp-content\/uploads\/2019\/05\/marca-ciudad.jpg?fit=1020%2C681","contentUrl":"https:\/\/i0.wp.com\/ficto.com.ec\/ficto\/wp-content\/uploads\/2019\/05\/marca-ciudad.jpg?fit=1020%2C681","width":1020,"height":681,"caption":"Dise\u00f1o Industrial, Dise\u00f1o en Ecuador."},{"@type":"BreadcrumbList","@id":"http:\/\/ficto.com.ec\/ficto\/existe-un-metodo-para-disenar-la-marca-de-un-lugar\/#breadcrumb","itemListElement":[{"@type":"ListItem","position":1,"name":"Home","item":"http:\/\/ficto.com.ec\/ficto\/"},{"@type":"ListItem","position":2,"name":"\u00bfExiste una metodolog\u00eda para dise\u00f1ar la marca de un lugar?"}]},{"@type":"WebSite","@id":"http:\/\/ficto.com.ec\/ficto\/#website","url":"http:\/\/ficto.com.ec\/ficto\/","name":"Ficto. Dise\u00f1o Industrial Ecuador","description":"","publisher":{"@id":"http:\/\/ficto.com.ec\/ficto\/#organization"},"potentialAction":[{"@type":"SearchAction","target":{"@type":"EntryPoint","urlTemplate":"http:\/\/ficto.com.ec\/ficto\/?s={search_term_string}"},"query-input":{"@type":"PropertyValueSpecification","valueRequired":true,"valueName":"search_term_string"}}],"inLanguage":"en-US"},{"@type":"Organization","@id":"http:\/\/ficto.com.ec\/ficto\/#organization","name":"Ficto","url":"http:\/\/ficto.com.ec\/ficto\/","logo":{"@type":"ImageObject","inLanguage":"en-US","@id":"http:\/\/ficto.com.ec\/ficto\/#\/schema\/logo\/image\/","url":"https:\/\/i0.wp.com\/ficto.com.ec\/ficto\/wp-content\/uploads\/2019\/02\/ficto_logo_pagina.png?fit=263%2C300","contentUrl":"https:\/\/i0.wp.com\/ficto.com.ec\/ficto\/wp-content\/uploads\/2019\/02\/ficto_logo_pagina.png?fit=263%2C300","width":263,"height":300,"caption":"Ficto"},"image":{"@id":"http:\/\/ficto.com.ec\/ficto\/#\/schema\/logo\/image\/"},"sameAs":["https:\/\/www.facebook.com\/fictoec\/","https:\/\/x.com\/fictoec","https:\/\/www.instagram.com\/fictoec"]},{"@type":"Person","@id":"http:\/\/ficto.com.ec\/ficto\/#\/schema\/person\/e12222e421b68802037c69c64a7aa578","name":"Lucho Vallejo","image":{"@type":"ImageObject","inLanguage":"en-US","@id":"https:\/\/secure.gravatar.com\/avatar\/ed0aa8917c571be02a3c0c68097693f6b775cec49c01f21793571561dce0b6e1?s=96&d=mm&r=g","url":"https:\/\/secure.gravatar.com\/avatar\/ed0aa8917c571be02a3c0c68097693f6b775cec49c01f21793571561dce0b6e1?s=96&d=mm&r=g","contentUrl":"https:\/\/secure.gravatar.com\/avatar\/ed0aa8917c571be02a3c0c68097693f6b775cec49c01f21793571561dce0b6e1?s=96&d=mm&r=g","caption":"Lucho Vallejo"},"url":"http:\/\/ficto.com.ec\/ficto\/author\/lucho\/"}]}},"jetpack_featured_media_url":"https:\/\/i0.wp.com\/ficto.com.ec\/ficto\/wp-content\/uploads\/2019\/05\/marca-ciudad.jpg?fit=1020%2C681","jetpack_sharing_enabled":true,"_links":{"self":[{"href":"http:\/\/ficto.com.ec\/ficto\/wp-json\/wp\/v2\/posts\/977","targetHints":{"allow":["GET"]}}],"collection":[{"href":"http:\/\/ficto.com.ec\/ficto\/wp-json\/wp\/v2\/posts"}],"about":[{"href":"http:\/\/ficto.com.ec\/ficto\/wp-json\/wp\/v2\/types\/post"}],"author":[{"embeddable":true,"href":"http:\/\/ficto.com.ec\/ficto\/wp-json\/wp\/v2\/users\/2"}],"replies":[{"embeddable":true,"href":"http:\/\/ficto.com.ec\/ficto\/wp-json\/wp\/v2\/comments?post=977"}],"version-history":[{"count":5,"href":"http:\/\/ficto.com.ec\/ficto\/wp-json\/wp\/v2\/posts\/977\/revisions"}],"predecessor-version":[{"id":980,"href":"http:\/\/ficto.com.ec\/ficto\/wp-json\/wp\/v2\/posts\/977\/revisions\/980"}],"wp:featuredmedia":[{"embeddable":true,"href":"http:\/\/ficto.com.ec\/ficto\/wp-json\/wp\/v2\/media\/979"}],"wp:attachment":[{"href":"http:\/\/ficto.com.ec\/ficto\/wp-json\/wp\/v2\/media?parent=977"}],"wp:term":[{"taxonomy":"category","embeddable":true,"href":"http:\/\/ficto.com.ec\/ficto\/wp-json\/wp\/v2\/categories?post=977"},{"taxonomy":"post_tag","embeddable":true,"href":"http:\/\/ficto.com.ec\/ficto\/wp-json\/wp\/v2\/tags?post=977"}],"curies":[{"name":"wp","href":"https:\/\/api.w.org\/{rel}","templated":true}]}}